{"id":7332,"date":"2026-04-24T10:43:24","date_gmt":"2026-04-24T08:43:24","guid":{"rendered":"https:\/\/ctcpm.cd\/fr\/?p=7332"},"modified":"2026-04-24T10:43:28","modified_gmt":"2026-04-24T08:43:28","slug":"vers-limplantation-dun-bureau-provincial-de-la-ctcpm-dans-la-province-de-lualaba","status":"publish","type":"post","link":"https:\/\/ctcpm.cd\/fr\/archives\/7332","title":{"rendered":"Vers l\u2019implantation d\u2019un Bureau Provincial de la CTCPM dans la Province de Lualaba."},"content":{"rendered":"<p>La Cellule Technique de Coordination et de Planification Mini\u00e8re (CTCPM) poursuit ses efforts pour renforcer la gouvernance et l\u2019encadrement du secteur minier en RDC. Dans cette optique, la CTCPM envisage d\u2019implanter, dans les prochains jours, un bureau provincial au Lualaba.<\/p><figure class=\"wp-block-image size-large\"><img fetchpriority=\"high\" decoding=\"async\" width=\"1024\" height=\"683\" src=\"https:\/\/ctcpm.cd\/fr\/wp-content\/uploads\/2026\/04\/WhatsApp-Image-2026-04-24-at-09.34.51-1-1024x683.jpeg\" alt=\"\" class=\"wp-image-7333\" srcset=\"https:\/\/ctcpm.cd\/fr\/wp-content\/uploads\/2026\/04\/WhatsApp-Image-2026-04-24-at-09.34.51-1-1024x683.jpeg 1024w, https:\/\/ctcpm.cd\/fr\/wp-content\/uploads\/2026\/04\/WhatsApp-Image-2026-04-24-at-09.34.51-1-300x200.jpeg 300w, https:\/\/ctcpm.cd\/fr\/wp-content\/uploads\/2026\/04\/WhatsApp-Image-2026-04-24-at-09.34.51-1-768x512.jpeg 768w, https:\/\/ctcpm.cd\/fr\/wp-content\/uploads\/2026\/04\/WhatsApp-Image-2026-04-24-at-09.34.51-1-600x400.jpeg 600w, https:\/\/ctcpm.cd\/fr\/wp-content\/uploads\/2026\/04\/WhatsApp-Image-2026-04-24-at-09.34.51-1-560x373.jpeg 560w, https:\/\/ctcpm.cd\/fr\/wp-content\/uploads\/2026\/04\/WhatsApp-Image-2026-04-24-at-09.34.51-1.jpeg 1080w\" sizes=\"(max-width: 1024px) 100vw, 1024px\" \/><\/figure><p>En mission dans la province, une d\u00e9l\u00e9gation de la CTCPM a \u00e9t\u00e9 re\u00e7ue par Madame la Gouverneure Fifi Masuka Saini, le mardi 21 avril 2026. Lors de cette rencontre, la Coordonnatrice-Adjointe charg\u00e9e des Questions Administratives et Financi\u00e8res de la CTCPM, Madame Patricia UNDELE TULUKA, a annonc\u00e9 la volont\u00e9 de La coordination CTCPM de renforcer la pr\u00e9sence de proximit\u00e9 dans la r\u00e9gion, afin d\u2019am\u00e9liorer l\u2019encadrement et la supervision des activit\u00e9s mini\u00e8res.<\/p><figure class=\"wp-block-image size-large\"><img decoding=\"async\" width=\"1024\" height=\"683\" src=\"https:\/\/ctcpm.cd\/fr\/wp-content\/uploads\/2026\/04\/WhatsApp-Image-2026-04-24-at-09.34.50-1024x683.jpeg\" alt=\"\" class=\"wp-image-7336\" srcset=\"https:\/\/ctcpm.cd\/fr\/wp-content\/uploads\/2026\/04\/WhatsApp-Image-2026-04-24-at-09.34.50-1024x683.jpeg 1024w, https:\/\/ctcpm.cd\/fr\/wp-content\/uploads\/2026\/04\/WhatsApp-Image-2026-04-24-at-09.34.50-300x200.jpeg 300w, https:\/\/ctcpm.cd\/fr\/wp-content\/uploads\/2026\/04\/WhatsApp-Image-2026-04-24-at-09.34.50-768x512.jpeg 768w, https:\/\/ctcpm.cd\/fr\/wp-content\/uploads\/2026\/04\/WhatsApp-Image-2026-04-24-at-09.34.50-600x400.jpeg 600w, https:\/\/ctcpm.cd\/fr\/wp-content\/uploads\/2026\/04\/WhatsApp-Image-2026-04-24-at-09.34.50-560x373.jpeg 560w, https:\/\/ctcpm.cd\/fr\/wp-content\/uploads\/2026\/04\/WhatsApp-Image-2026-04-24-at-09.34.50.jpeg 1080w\" sizes=\"(max-width: 1024px) 100vw, 1024px\" \/><\/figure><p>Cette initiative s\u2019inscrit dans une dynamique de meilleure planification, de suivi et de coordination des activit\u00e9s mini\u00e8res au niveau provincial. La mise en place de ce bureau permettra de renforcer la communication entre les acteurs locaux et le niveau central, tout en acc\u00e9l\u00e9rant le traitement de l\u2019information, facilitant ainsi la mise en \u0153uvre des strat\u00e9gies mini\u00e8res.<\/p><figure class=\"wp-block-image size-large\"><img decoding=\"async\" width=\"1024\" height=\"683\" src=\"https:\/\/ctcpm.cd\/fr\/wp-content\/uploads\/2026\/04\/WhatsApp-Image-2026-04-24-at-09.34.50-1024x683.jpeg\" alt=\"\" class=\"wp-image-7336\" srcset=\"https:\/\/ctcpm.cd\/fr\/wp-content\/uploads\/2026\/04\/WhatsApp-Image-2026-04-24-at-09.34.50-1024x683.jpeg 1024w, https:\/\/ctcpm.cd\/fr\/wp-content\/uploads\/2026\/04\/WhatsApp-Image-2026-04-24-at-09.34.50-300x200.jpeg 300w, https:\/\/ctcpm.cd\/fr\/wp-content\/uploads\/2026\/04\/WhatsApp-Image-2026-04-24-at-09.34.50-768x512.jpeg 768w, https:\/\/ctcpm.cd\/fr\/wp-content\/uploads\/2026\/04\/WhatsApp-Image-2026-04-24-at-09.34.50-600x400.jpeg 600w, https:\/\/ctcpm.cd\/fr\/wp-content\/uploads\/2026\/04\/WhatsApp-Image-2026-04-24-at-09.34.50-560x373.jpeg 560w, https:\/\/ctcpm.cd\/fr\/wp-content\/uploads\/2026\/04\/WhatsApp-Image-2026-04-24-at-09.34.50.jpeg 1080w\" sizes=\"(max-width: 1024px) 100vw, 1024px\" \/><\/figure><p>La CTCPM reste engag\u00e9e \u00e0 \u0153uvrer pour un secteur minier plus transparent, responsable et performant, en \u00e9troite collaboration avec les autorit\u00e9s provinciales et les acteurs locaux. La cr\u00e9ation de ce bureau provincial constitue une \u00e9tape importante vers une gestion plus efficace des ressources mini\u00e8res de la R\u00e9publique D\u00e9mocratique du Congo.<\/p>","protected":false},"excerpt":{"rendered":"<p>La Cellule Technique de Coordination et de Planification Mini\u00e8re (CTCPM) poursuit ses efforts pour renforcer la gouvernance et l\u2019encadrement du secteur minier en RDC. Dans cette optique, la CTCPM envisage d\u2019implanter, dans les prochains jours, un bureau provincial au Lualaba. En mission dans la province, une d\u00e9l\u00e9gation de la CTCPM a \u00e9t\u00e9 re\u00e7ue par Madame [&hellip;]<\/p>\n","protected":false},"author":1,"featured_media":7335,"comment_status":"open","ping_status":"open","sticky":false,"template":"","format":"standard","meta":{"give_campaign_id":0,"footnotes":""},"categories":[102,16,19],"tags":[],"class_list":["post-7332","post","type-post","status-publish","format-standard","has-post-thumbnail","hentry","category-actualite","category-city-news","category-devlopement"],"_links":{"self":[{"href":"https:\/\/ctcpm.cd\/fr\/wp-json\/wp\/v2\/posts\/7332","targetHints":{"allow":["GET"]}}],"collection":[{"href":"https:\/\/ctcpm.cd\/fr\/wp-json\/wp\/v2\/posts"}],"about":[{"href":"https:\/\/ctcpm.cd\/fr\/wp-json\/wp\/v2\/types\/post"}],"author":[{"embeddable":true,"href":"https:\/\/ctcpm.cd\/fr\/wp-json\/wp\/v2\/users\/1"}],"replies":[{"embeddable":true,"href":"https:\/\/ctcpm.cd\/fr\/wp-json\/wp\/v2\/comments?post=7332"}],"version-history":[{"count":1,"href":"https:\/\/ctcpm.cd\/fr\/wp-json\/wp\/v2\/posts\/7332\/revisions"}],"predecessor-version":[{"id":7337,"href":"https:\/\/ctcpm.cd\/fr\/wp-json\/wp\/v2\/posts\/7332\/revisions\/7337"}],"wp:featuredmedia":[{"embeddable":true,"href":"https:\/\/ctcpm.cd\/fr\/wp-json\/wp\/v2\/media\/7335"}],"wp:attachment":[{"href":"https:\/\/ctcpm.cd\/fr\/wp-json\/wp\/v2\/media?parent=7332"}],"wp:term":[{"taxonomy":"category","embeddable":true,"href":"https:\/\/ctcpm.cd\/fr\/wp-json\/wp\/v2\/categories?post=7332"},{"taxonomy":"post_tag","embeddable":true,"href":"https:\/\/ctcpm.cd\/fr\/wp-json\/wp\/v2\/tags?post=7332"}],"curies":[{"name":"wp","href":"https:\/\/api.w.org\/{rel}","templated":true}]}}